{"id":3181,"date":"2023-10-31T20:49:15","date_gmt":"2023-10-31T19:49:15","guid":{"rendered":"https:\/\/vir.es\/?p=3181"},"modified":"2025-10-07T09:40:59","modified_gmt":"2025-10-07T08:40:59","slug":"congreso-nacional-de-semergen-en-valencia","status":"publish","type":"post","link":"https:\/\/vir.es\/en\/congreso-nacional-de-semergen-en-valencia\/","title":{"rendered":"Congreso Nacional de Semergen en Valencia"},"content":{"rendered":"<p>Laboratorios VIR ha acompa\u00f1ado a m\u00e1s de 5.000 m\u00e9dicos de atenci\u00f3n primaria en el 45 Congreso Nacional de Semergen en Valencia.<\/p>\n<p><img loading=\"lazy\" decoding=\"async\" src=\"https:\/\/vir.es\/wp-content\/uploads\/2023\/10\/foto-2-150x150.jpg\" alt=\"\" width=\"300\" height=\"300\" class=\"aligncenter size-thumbnail wp-image-3187\" srcset=\"https:\/\/vir.es\/wp-content\/uploads\/2023\/10\/foto-2-150x150.jpg 150w, https:\/\/vir.es\/wp-content\/uploads\/2023\/10\/foto-2-250x250.jpg 250w\" sizes=\"auto, (max-width: 300px) 100vw, 300px\" \/><\/p>\n<p>All\u00ed hemos compartido d\u00edas de trabajo y amistad sincera con much\u00edsimos de ellos y hemos entregado los Premios VIR a los mejores trabajos originales publicados en la Revista Medicina de Familia SEMERGEN.<\/p>\n<p>Los premios fueron anunciados por el Dr. Vicente Mart\u00edn S\u00e1nchez, Editor Jefe de la Revista. #SEMERGEN23 <\/p>\n<p><img loading=\"lazy\" decoding=\"async\" src=\"https:\/\/vir.es\/wp-content\/uploads\/2023\/10\/foto-5-150x150.jpg\" alt=\"\" width=\"300\" height=\"300\" class=\"aligncenter size-thumbnail wp-image-3184\" srcset=\"https:\/\/vir.es\/wp-content\/uploads\/2023\/10\/foto-5-150x150.jpg 150w, https:\/\/vir.es\/wp-content\/uploads\/2023\/10\/foto-5-250x250.jpg 250w\" sizes=\"auto, (max-width: 300px) 100vw, 300px\" \/><\/p>\n<p>\ud83c\udfc61\u00ba Premio al mejor art\u00edculo original publicado en Medicina de Familia \u2013 SEMERGEN.<br \/>\nPor dotar a la medicina de familia de un instrumento \u00fatil para medir el estilo de vida saludable adquirido en personas adultas.<br \/>\n\ud83d\udcddFiabilidad y validez de la Escala de valoraci\u00f3n del estilo de vida saludable adquirido (E-VEVSA) en adultos de Albacete y Murcia (Espa\u00f1a)<br \/>\nAutores: Doctores Rodr\u00edguez Garc\u00eda, P\u00e9rez Soto, Garc\u00eda Cant\u00f3, T\u00e1rraga Marcos, Meseguer Zafra, Salmer\u00f3n R\u00edos y T\u00e1rraga L\u00f3pez.<\/p>\n<p><img loading=\"lazy\" decoding=\"async\" src=\"https:\/\/vir.es\/wp-content\/uploads\/2023\/10\/foto-6-150x150.jpg\" alt=\"\" width=\"300\" height=\"300\" class=\"aligncenter size-thumbnail wp-image-3183\" srcset=\"https:\/\/vir.es\/wp-content\/uploads\/2023\/10\/foto-6-150x150.jpg 150w, https:\/\/vir.es\/wp-content\/uploads\/2023\/10\/foto-6-250x250.jpg 250w\" sizes=\"auto, (max-width: 300px) 100vw, 300px\" \/><\/p>\n<p><img loading=\"lazy\" decoding=\"async\" src=\"https:\/\/vir.es\/wp-content\/uploads\/2023\/10\/foto-3-150x150.jpg\" alt=\"\" width=\"300\" height=\"300\" class=\"aligncenter size-thumbnail wp-image-3186\" srcset=\"https:\/\/vir.es\/wp-content\/uploads\/2023\/10\/foto-3-150x150.jpg 150w, https:\/\/vir.es\/wp-content\/uploads\/2023\/10\/foto-3-250x250.jpg 250w\" sizes=\"auto, (max-width: 300px) 100vw, 300px\" \/><\/p>\n<p>\ud83c\udfc62\u00ba Premio al mejor art\u00edculo original publicado en Medicina de Familia \u2013 SEMERGEN.<br \/>\nPor evidenciar como un programa comunitario de intervenci\u00f3n sociomotriz mejora la calidad de vida relacionada con la salud de los mayores con riesgo social.<br \/>\n\ud83d\udcddCalidad de vida tras una intervenci\u00f3n comunitaria sociomotriz en mayores con riesgo social. Ensayo cl\u00ednico<br \/>\nAutores: Doctores L\u00f3pez-T\u00e9llez, R\u00edo Ruiz, L\u00f3pez-Mart\u00ed, Calder\u00f3n R\u00edo, Molinero Torres y L\u00f3pez-Mart\u00ed.<\/p>\n<p><img loading=\"lazy\" decoding=\"async\" src=\"https:\/\/vir.es\/wp-content\/uploads\/2023\/10\/foto-7-150x150.jpg\" alt=\"\" width=\"300\" height=\"300\" class=\"aligncenter size-thumbnail wp-image-3182\" srcset=\"https:\/\/vir.es\/wp-content\/uploads\/2023\/10\/foto-7-150x150.jpg 150w, https:\/\/vir.es\/wp-content\/uploads\/2023\/10\/foto-7-250x250.jpg 250w\" sizes=\"auto, (max-width: 300px) 100vw, 300px\" \/><\/p>\n<p>\ud83c\udfc63\u00ba Premio. Mejor art\u00edculo original publicado en Medicina de Familia. Por poner de manifiesto que no siempre es posible sustituir en triaje al personal sanitario.<br \/>\n\ud83d\udcddAn\u00e1lisis del sistema XIDE en la gesti\u00f3n de la sobredemanda asistencial<br \/>\nAutores: Doctores Rodr\u00edguez Rivera, L\u00f3pez Gonz\u00e1lez, Castillo de la Riera y Romanos Casti\u00f1eira.<\/p>\n<p><img loading=\"lazy\" decoding=\"async\" src=\"https:\/\/vir.es\/wp-content\/uploads\/2023\/10\/foto-4-150x150.jpg\" alt=\"\" width=\"300\" height=\"300\" class=\"aligncenter size-thumbnail wp-image-3185\" srcset=\"https:\/\/vir.es\/wp-content\/uploads\/2023\/10\/foto-4-150x150.jpg 150w, https:\/\/vir.es\/wp-content\/uploads\/2023\/10\/foto-4-250x250.jpg 250w\" sizes=\"auto, (max-width: 300px) 100vw, 300px\" \/><\/p>","protected":false},"excerpt":{"rendered":"<p>Laboratorios VIR ha acompa\u00f1ado a m\u00e1s de 5.000 m\u00e9dicos de atenci\u00f3n primaria en el 45 Congreso Nacional de Semergen en<\/p>","protected":false},"author":4,"featured_media":3188,"comment_status":"closed","ping_status":"open","sticky":false,"template":"","format":"standard","meta":{"footnotes":"","_links_to":"","_links_to_target":""},"categories":[171,172],"tags":[],"class_list":["post-3181","post","type-post","status-publish","format-standard","has-post-thumbnail","hentry","category-blog","category-noticias"],"yoast_head":"<!-- This site is optimized with the Yoast SEO plugin v27.4 - https:\/\/yoast.com\/product\/yoast-seo-wordpress\/ -->\n<title>Congreso Nacional de Semergen en Valencia &#8902; Laboratorios VIR<\/title>\n<meta name=\"robots\" content=\"index, follow, max-snippet:-1, max-image-preview:large, max-video-preview:-1\" \/>\n<link rel=\"canonical\" href=\"https:\/\/vir.es\/en\/congreso-nacional-de-semergen-en-valencia\/\" \/>\n<meta property=\"og:locale\" content=\"en_GB\" \/>\n<meta property=\"og:type\" content=\"article\" \/>\n<meta property=\"og:title\" content=\"Congreso Nacional de Semergen en Valencia &#8902; Laboratorios VIR\" \/>\n<meta property=\"og:description\" content=\"Laboratorios VIR ha acompa\u00f1ado a m\u00e1s de 5.000 m\u00e9dicos de atenci\u00f3n primaria en el 45 Congreso Nacional de Semergen en\" \/>\n<meta property=\"og:url\" content=\"https:\/\/vir.es\/en\/congreso-nacional-de-semergen-en-valencia\/\" \/>\n<meta property=\"og:site_name\" content=\"Laboratorios VIR\" \/>\n<meta property=\"article:publisher\" content=\"https:\/\/www.facebook.com\/LaboratoriosVIR\/?ref=bookmarks\" \/>\n<meta property=\"article:published_time\" content=\"2023-10-31T19:49:15+00:00\" \/>\n<meta property=\"article:modified_time\" content=\"2025-10-07T08:40:59+00:00\" \/>\n<meta property=\"og:image\" content=\"https:\/\/vir.es\/wp-content\/uploads\/2023\/10\/foto-1-scaled-e1698781847377.jpg\" \/>\n\t<meta property=\"og:image:width\" content=\"300\" \/>\n\t<meta property=\"og:image:height\" content=\"225\" \/>\n\t<meta property=\"og:image:type\" content=\"image\/jpeg\" \/>\n<meta name=\"author\" content=\"inforDBF\" \/>\n<meta name=\"twitter:card\" content=\"summary_large_image\" \/>\n<meta name=\"twitter:creator\" content=\"@LaboratoriosVir\" \/>\n<meta name=\"twitter:site\" content=\"@LaboratoriosVir\" \/>\n<meta name=\"twitter:label1\" content=\"Written by\" \/>\n\t<meta name=\"twitter:data1\" content=\"inforDBF\" \/>\n\t<meta name=\"twitter:label2\" content=\"Estimated reading time\" \/>\n\t<meta name=\"twitter:data2\" content=\"3 minutes\" \/>\n<script type=\"application\/ld+json\" class=\"yoast-schema-graph\">{\"@context\":\"https:\\\/\\\/schema.org\",\"@graph\":[{\"@type\":\"Article\",\"@id\":\"https:\\\/\\\/vir.es\\\/congreso-nacional-de-semergen-en-valencia\\\/#article\",\"isPartOf\":{\"@id\":\"https:\\\/\\\/vir.es\\\/congreso-nacional-de-semergen-en-valencia\\\/\"},\"author\":{\"name\":\"inforDBF\",\"@id\":\"https:\\\/\\\/vir.es\\\/en\\\/#\\\/schema\\\/person\\\/e65a1cf9ddb7fe628427a8d99d6e942b\"},\"headline\":\"Congreso Nacional de Semergen en Valencia\",\"datePublished\":\"2023-10-31T19:49:15+00:00\",\"dateModified\":\"2025-10-07T08:40:59+00:00\",\"mainEntityOfPage\":{\"@id\":\"https:\\\/\\\/vir.es\\\/congreso-nacional-de-semergen-en-valencia\\\/\"},\"wordCount\":293,\"publisher\":{\"@id\":\"https:\\\/\\\/vir.es\\\/en\\\/#organization\"},\"image\":{\"@id\":\"https:\\\/\\\/vir.es\\\/congreso-nacional-de-semergen-en-valencia\\\/#primaryimage\"},\"thumbnailUrl\":\"https:\\\/\\\/vir.es\\\/wp-content\\\/uploads\\\/2023\\\/10\\\/foto-1-scaled-e1698781847377.jpg\",\"articleSection\":[\"blog\",\"noticias\"],\"inLanguage\":\"en-GB\"},{\"@type\":\"WebPage\",\"@id\":\"https:\\\/\\\/vir.es\\\/congreso-nacional-de-semergen-en-valencia\\\/\",\"url\":\"https:\\\/\\\/vir.es\\\/congreso-nacional-de-semergen-en-valencia\\\/\",\"name\":\"Congreso Nacional de Semergen en Valencia &#8902; Laboratorios VIR\",\"isPartOf\":{\"@id\":\"https:\\\/\\\/vir.es\\\/en\\\/#website\"},\"primaryImageOfPage\":{\"@id\":\"https:\\\/\\\/vir.es\\\/congreso-nacional-de-semergen-en-valencia\\\/#primaryimage\"},\"image\":{\"@id\":\"https:\\\/\\\/vir.es\\\/congreso-nacional-de-semergen-en-valencia\\\/#primaryimage\"},\"thumbnailUrl\":\"https:\\\/\\\/vir.es\\\/wp-content\\\/uploads\\\/2023\\\/10\\\/foto-1-scaled-e1698781847377.jpg\",\"datePublished\":\"2023-10-31T19:49:15+00:00\",\"dateModified\":\"2025-10-07T08:40:59+00:00\",\"breadcrumb\":{\"@id\":\"https:\\\/\\\/vir.es\\\/congreso-nacional-de-semergen-en-valencia\\\/#breadcrumb\"},\"inLanguage\":\"en-GB\",\"potentialAction\":[{\"@type\":\"ReadAction\",\"target\":[\"https:\\\/\\\/vir.es\\\/congreso-nacional-de-semergen-en-valencia\\\/\"]}]},{\"@type\":\"ImageObject\",\"inLanguage\":\"en-GB\",\"@id\":\"https:\\\/\\\/vir.es\\\/congreso-nacional-de-semergen-en-valencia\\\/#primaryimage\",\"url\":\"https:\\\/\\\/vir.es\\\/wp-content\\\/uploads\\\/2023\\\/10\\\/foto-1-scaled-e1698781847377.jpg\",\"contentUrl\":\"https:\\\/\\\/vir.es\\\/wp-content\\\/uploads\\\/2023\\\/10\\\/foto-1-scaled-e1698781847377.jpg\",\"width\":300,\"height\":225},{\"@type\":\"BreadcrumbList\",\"@id\":\"https:\\\/\\\/vir.es\\\/congreso-nacional-de-semergen-en-valencia\\\/#breadcrumb\",\"itemListElement\":[{\"@type\":\"ListItem\",\"position\":1,\"name\":\"Home\",\"item\":\"https:\\\/\\\/vir.es\\\/\"},{\"@type\":\"ListItem\",\"position\":2,\"name\":\"Congreso Nacional de Semergen en Valencia\"}]},{\"@type\":\"WebSite\",\"@id\":\"https:\\\/\\\/vir.es\\\/en\\\/#website\",\"url\":\"https:\\\/\\\/vir.es\\\/en\\\/\",\"name\":\"Laboratorios VIR\",\"description\":\"\",\"publisher\":{\"@id\":\"https:\\\/\\\/vir.es\\\/en\\\/#organization\"},\"potentialAction\":[{\"@type\":\"SearchAction\",\"target\":{\"@type\":\"EntryPoint\",\"urlTemplate\":\"https:\\\/\\\/vir.es\\\/en\\\/?s={search_term_string}\"},\"query-input\":{\"@type\":\"PropertyValueSpecification\",\"valueRequired\":true,\"valueName\":\"search_term_string\"}}],\"inLanguage\":\"en-GB\"},{\"@type\":\"Organization\",\"@id\":\"https:\\\/\\\/vir.es\\\/en\\\/#organization\",\"name\":\"Industria Qu\u00edmica y Farmac\u00e9utica Vir\",\"url\":\"https:\\\/\\\/vir.es\\\/en\\\/\",\"logo\":{\"@type\":\"ImageObject\",\"inLanguage\":\"en-GB\",\"@id\":\"https:\\\/\\\/vir.es\\\/en\\\/#\\\/schema\\\/logo\\\/image\\\/\",\"url\":\"https:\\\/\\\/vir.es\\\/wp-content\\\/uploads\\\/2019\\\/03\\\/LOG.-DEF.-VIR-80-B.A.jpg\",\"contentUrl\":\"https:\\\/\\\/vir.es\\\/wp-content\\\/uploads\\\/2019\\\/03\\\/LOG.-DEF.-VIR-80-B.A.jpg\",\"width\":1012,\"height\":638,\"caption\":\"Industria Qu\u00edmica y Farmac\u00e9utica Vir\"},\"image\":{\"@id\":\"https:\\\/\\\/vir.es\\\/en\\\/#\\\/schema\\\/logo\\\/image\\\/\"},\"sameAs\":[\"https:\\\/\\\/www.facebook.com\\\/LaboratoriosVIR\\\/?ref=bookmarks\",\"https:\\\/\\\/x.com\\\/LaboratoriosVir\",\"https:\\\/\\\/www.instagram.com\\\/laboratoriosvir\\\/?hl=es\",\"https:\\\/\\\/www.linkedin.com\\\/company\\\/laboratoriosvir\\\/?viewAsMember=true\"]},{\"@type\":\"Person\",\"@id\":\"https:\\\/\\\/vir.es\\\/en\\\/#\\\/schema\\\/person\\\/e65a1cf9ddb7fe628427a8d99d6e942b\",\"name\":\"inforDBF\",\"image\":{\"@type\":\"ImageObject\",\"inLanguage\":\"en-GB\",\"@id\":\"https:\\\/\\\/secure.gravatar.com\\\/avatar\\\/f99ac47aa71d05524db14f6253a461f88234c02f21174deaf1564aaad2598a97?s=96&d=mm&r=g\",\"url\":\"https:\\\/\\\/secure.gravatar.com\\\/avatar\\\/f99ac47aa71d05524db14f6253a461f88234c02f21174deaf1564aaad2598a97?s=96&d=mm&r=g\",\"contentUrl\":\"https:\\\/\\\/secure.gravatar.com\\\/avatar\\\/f99ac47aa71d05524db14f6253a461f88234c02f21174deaf1564aaad2598a97?s=96&d=mm&r=g\",\"caption\":\"inforDBF\"},\"url\":\"https:\\\/\\\/vir.es\\\/en\\\/author\\\/infordbf\\\/\"}]}<\/script>\n<!-- \/ Yoast SEO plugin. -->","yoast_head_json":{"title":"Congreso Nacional de Semergen en Valencia &#8902; Laboratorios VIR","robots":{"index":"index","follow":"follow","max-snippet":"max-snippet:-1","max-image-preview":"max-image-preview:large","max-video-preview":"max-video-preview:-1"},"canonical":"https:\/\/vir.es\/en\/congreso-nacional-de-semergen-en-valencia\/","og_locale":"en_GB","og_type":"article","og_title":"Congreso Nacional de Semergen en Valencia &#8902; Laboratorios VIR","og_description":"Laboratorios VIR ha acompa\u00f1ado a m\u00e1s de 5.000 m\u00e9dicos de atenci\u00f3n primaria en el 45 Congreso Nacional de Semergen en","og_url":"https:\/\/vir.es\/en\/congreso-nacional-de-semergen-en-valencia\/","og_site_name":"Laboratorios VIR","article_publisher":"https:\/\/www.facebook.com\/LaboratoriosVIR\/?ref=bookmarks","article_published_time":"2023-10-31T19:49:15+00:00","article_modified_time":"2025-10-07T08:40:59+00:00","og_image":[{"width":300,"height":225,"url":"https:\/\/vir.es\/wp-content\/uploads\/2023\/10\/foto-1-scaled-e1698781847377.jpg","type":"image\/jpeg"}],"author":"inforDBF","twitter_card":"summary_large_image","twitter_creator":"@LaboratoriosVir","twitter_site":"@LaboratoriosVir","twitter_misc":{"Written by":"inforDBF","Estimated reading time":"3 minutes"},"schema":{"@context":"https:\/\/schema.org","@graph":[{"@type":"Article","@id":"https:\/\/vir.es\/congreso-nacional-de-semergen-en-valencia\/#article","isPartOf":{"@id":"https:\/\/vir.es\/congreso-nacional-de-semergen-en-valencia\/"},"author":{"name":"inforDBF","@id":"https:\/\/vir.es\/en\/#\/schema\/person\/e65a1cf9ddb7fe628427a8d99d6e942b"},"headline":"Congreso Nacional de Semergen en Valencia","datePublished":"2023-10-31T19:49:15+00:00","dateModified":"2025-10-07T08:40:59+00:00","mainEntityOfPage":{"@id":"https:\/\/vir.es\/congreso-nacional-de-semergen-en-valencia\/"},"wordCount":293,"publisher":{"@id":"https:\/\/vir.es\/en\/#organization"},"image":{"@id":"https:\/\/vir.es\/congreso-nacional-de-semergen-en-valencia\/#primaryimage"},"thumbnailUrl":"https:\/\/vir.es\/wp-content\/uploads\/2023\/10\/foto-1-scaled-e1698781847377.jpg","articleSection":["blog","noticias"],"inLanguage":"en-GB"},{"@type":"WebPage","@id":"https:\/\/vir.es\/congreso-nacional-de-semergen-en-valencia\/","url":"https:\/\/vir.es\/congreso-nacional-de-semergen-en-valencia\/","name":"Congreso Nacional de Semergen en Valencia &#8902; Laboratorios VIR","isPartOf":{"@id":"https:\/\/vir.es\/en\/#website"},"primaryImageOfPage":{"@id":"https:\/\/vir.es\/congreso-nacional-de-semergen-en-valencia\/#primaryimage"},"image":{"@id":"https:\/\/vir.es\/congreso-nacional-de-semergen-en-valencia\/#primaryimage"},"thumbnailUrl":"https:\/\/vir.es\/wp-content\/uploads\/2023\/10\/foto-1-scaled-e1698781847377.jpg","datePublished":"2023-10-31T19:49:15+00:00","dateModified":"2025-10-07T08:40:59+00:00","breadcrumb":{"@id":"https:\/\/vir.es\/congreso-nacional-de-semergen-en-valencia\/#breadcrumb"},"inLanguage":"en-GB","potentialAction":[{"@type":"ReadAction","target":["https:\/\/vir.es\/congreso-nacional-de-semergen-en-valencia\/"]}]},{"@type":"ImageObject","inLanguage":"en-GB","@id":"https:\/\/vir.es\/congreso-nacional-de-semergen-en-valencia\/#primaryimage","url":"https:\/\/vir.es\/wp-content\/uploads\/2023\/10\/foto-1-scaled-e1698781847377.jpg","contentUrl":"https:\/\/vir.es\/wp-content\/uploads\/2023\/10\/foto-1-scaled-e1698781847377.jpg","width":300,"height":225},{"@type":"BreadcrumbList","@id":"https:\/\/vir.es\/congreso-nacional-de-semergen-en-valencia\/#breadcrumb","itemListElement":[{"@type":"ListItem","position":1,"name":"Home","item":"https:\/\/vir.es\/"},{"@type":"ListItem","position":2,"name":"Congreso Nacional de Semergen en Valencia"}]},{"@type":"WebSite","@id":"https:\/\/vir.es\/en\/#website","url":"https:\/\/vir.es\/en\/","name":"Laboratorios VIR,","description":"","publisher":{"@id":"https:\/\/vir.es\/en\/#organization"},"potentialAction":[{"@type":"SearchAction","target":{"@type":"EntryPoint","urlTemplate":"https:\/\/vir.es\/en\/?s={search_term_string}"},"query-input":{"@type":"PropertyValueSpecification","valueRequired":true,"valueName":"search_term_string"}}],"inLanguage":"en-GB"},{"@type":"Organization","@id":"https:\/\/vir.es\/en\/#organization","name":"Industria Qu\u00edmica y Farmac\u00e9utica Vir","url":"https:\/\/vir.es\/en\/","logo":{"@type":"ImageObject","inLanguage":"en-GB","@id":"https:\/\/vir.es\/en\/#\/schema\/logo\/image\/","url":"https:\/\/vir.es\/wp-content\/uploads\/2019\/03\/LOG.-DEF.-VIR-80-B.A.jpg","contentUrl":"https:\/\/vir.es\/wp-content\/uploads\/2019\/03\/LOG.-DEF.-VIR-80-B.A.jpg","width":1012,"height":638,"caption":"Industria Qu\u00edmica y Farmac\u00e9utica Vir"},"image":{"@id":"https:\/\/vir.es\/en\/#\/schema\/logo\/image\/"},"sameAs":["https:\/\/www.facebook.com\/LaboratoriosVIR\/?ref=bookmarks","https:\/\/x.com\/LaboratoriosVir","https:\/\/www.instagram.com\/laboratoriosvir\/?hl=es","https:\/\/www.linkedin.com\/company\/laboratoriosvir\/?viewAsMember=true"]},{"@type":"Person","@id":"https:\/\/vir.es\/en\/#\/schema\/person\/e65a1cf9ddb7fe628427a8d99d6e942b","name":"inforDBF","image":{"@type":"ImageObject","inLanguage":"en-GB","@id":"https:\/\/secure.gravatar.com\/avatar\/f99ac47aa71d05524db14f6253a461f88234c02f21174deaf1564aaad2598a97?s=96&d=mm&r=g","url":"https:\/\/secure.gravatar.com\/avatar\/f99ac47aa71d05524db14f6253a461f88234c02f21174deaf1564aaad2598a97?s=96&d=mm&r=g","contentUrl":"https:\/\/secure.gravatar.com\/avatar\/f99ac47aa71d05524db14f6253a461f88234c02f21174deaf1564aaad2598a97?s=96&d=mm&r=g","caption":"inforDBF"},"url":"https:\/\/vir.es\/en\/author\/infordbf\/"}]}},"_links":{"self":[{"href":"https:\/\/vir.es\/en\/wp-json\/wp\/v2\/posts\/3181","targetHints":{"allow":["GET"]}}],"collection":[{"href":"https:\/\/vir.es\/en\/wp-json\/wp\/v2\/posts"}],"about":[{"href":"https:\/\/vir.es\/en\/wp-json\/wp\/v2\/types\/post"}],"author":[{"embeddable":true,"href":"https:\/\/vir.es\/en\/wp-json\/wp\/v2\/users\/4"}],"replies":[{"embeddable":true,"href":"https:\/\/vir.es\/en\/wp-json\/wp\/v2\/comments?post=3181"}],"version-history":[{"count":8,"href":"https:\/\/vir.es\/en\/wp-json\/wp\/v2\/posts\/3181\/revisions"}],"predecessor-version":[{"id":3197,"href":"https:\/\/vir.es\/en\/wp-json\/wp\/v2\/posts\/3181\/revisions\/3197"}],"wp:featuredmedia":[{"embeddable":true,"href":"https:\/\/vir.es\/en\/wp-json\/wp\/v2\/media\/3188"}],"wp:attachment":[{"href":"https:\/\/vir.es\/en\/wp-json\/wp\/v2\/media?parent=3181"}],"wp:term":[{"taxonomy":"category","embeddable":true,"href":"https:\/\/vir.es\/en\/wp-json\/wp\/v2\/categories?post=3181"},{"taxonomy":"post_tag","embeddable":true,"href":"https:\/\/vir.es\/en\/wp-json\/wp\/v2\/tags?post=3181"}],"curies":[{"name":"wp","href":"https:\/\/api.w.org\/{rel}","templated":true}]}}